{"id":3503,"date":"2021-09-30T12:28:38","date_gmt":"2021-09-30T10:28:38","guid":{"rendered":"https:\/\/siparliamoinitaliano.com\/?p=3503"},"modified":"2021-09-30T12:28:40","modified_gmt":"2021-09-30T10:28:40","slug":"il-caffe-in-italia","status":"publish","type":"post","link":"https:\/\/siparliamoinitaliano.com\/it\/il-caffe-in-italia\/","title":{"rendered":"Il caff\u00e8 in Italia"},"content":{"rendered":"\n<p><\/p>\n\n\n\n<figure class=\"wp-block-image size-large\"><img decoding=\"async\" width=\"1024\" height=\"615\" src=\"https:\/\/siparliamoinitaliano.com\/wp-content\/uploads\/2021\/08\/caffe-italia.jpg\" alt=\"\" class=\"wp-image-3469\" srcset=\"https:\/\/siparliamoinitaliano.com\/wp-content\/uploads\/2021\/08\/caffe-italia.jpg 1024w, https:\/\/siparliamoinitaliano.com\/wp-content\/uploads\/2021\/08\/caffe-italia-980x589.jpg 980w, https:\/\/siparliamoinitaliano.com\/wp-content\/uploads\/2021\/08\/caffe-italia-480x288.jpg 480w\" sizes=\"(min-width: 0px) and (max-width: 480px) 480px, (min-width: 481px) and (max-width: 980px) 980px, (min-width: 981px) 1024px, 100vw\" \/><\/figure>\n\n\n\n<p><\/p>\n\n\n\n<p style=\"font-size:17px\"><p><strong>Gli italiani sono grandi amanti del caff\u00e8<\/strong> e lo bevono in media 3 volte al giorno, \u00e8 di fatti un <strong>rito fondamentale<\/strong> durante un giorno in Italia. Senza dubbio \u00e8 uno dei prodotti pi\u00f9 popolari del paese e il suo aroma e intensit\u00e0 lo rendono uno dei pi\u00f9 buoni al mondo.<\/p><\/p>\n\n\n\n<p class=\"has-medium-font-size\"><p><em>Il caff\u00e8 in Italia \u00e8 un simbolo di <strong>ospitalit\u00e0<\/strong><\/em><\/p><\/p>\n\n\n\n<p><\/p>\n\n\n\n<div class=\"wp-block-media-text alignwide is-stacked-on-mobile\"><figure class=\"wp-block-media-text__media\"><img decoding=\"async\" width=\"512\" height=\"341\" src=\"https:\/\/siparliamoinitaliano.com\/wp-content\/uploads\/2021\/08\/unnamed.jpg\" alt=\"\" class=\"wp-image-3471 size-full\" srcset=\"https:\/\/siparliamoinitaliano.com\/wp-content\/uploads\/2021\/08\/unnamed.jpg 512w, https:\/\/siparliamoinitaliano.com\/wp-content\/uploads\/2021\/08\/unnamed-480x320.jpg 480w\" sizes=\"(min-width: 0px) and (max-width: 480px) 480px, (min-width: 481px) 512px, 100vw\" \/><\/figure><div class=\"wp-block-media-text__content\">\n<p class=\"has-medium-font-size\"><p>La cosa pi\u00f9 comune che ti offrono quando sei ospite a casa di qualcuno \u00e8 un caff\u00e8 espresso, fatto con la macchinetta <strong>Moka<\/strong>, e in alcuni casi, rifiutarlo quando viene offerto pu\u00f2 essere considerata un\u2019offesa.<\/p><\/p>\n<\/div><\/div>\n\n\n\n<p><\/p>\n\n\n\n<p style=\"font-size:17px\"><p>A livello sociale il caff\u00e8 \u00e8 importantissimo, \u00e8 una scusa per <strong>incontrarsi con gli amici,<\/strong> un primo <strong>appuntamento<\/strong>, un gesto di <strong>ospitalit\u00e0<\/strong>, un motivo di <strong>orgoglio nazionale<\/strong> e un\u2019<strong>ottima sveglia<\/strong> la mattina presto.<\/p>&#13;\n<p>\u00a0<\/p><\/p>\n\n\n\n<p><\/p>\n\n\n\n<h2 class=\"wp-block-heading\">I diversi tipi di caff\u00e8 in Italia<\/h2>\n\n\n\n<p><\/p>\n\n\n\n<p style=\"font-size:17px\"><p>In Italia il caff\u00e8 pu\u00f2 essere <em><strong>espresso, ristretto, macchiato, lungo, cappuccino, corretto<\/strong><\/em>, tra le variazioni pi\u00f9 comuni.<\/p><\/p>\n\n\n\n<p><\/p>\n\n\n\n<div class=\"wp-block-media-text alignwide is-stacked-on-mobile\"><figure class=\"wp-block-media-text__media\"><img decoding=\"async\" width=\"800\" height=\"435\" src=\"https:\/\/siparliamoinitaliano.com\/wp-content\/uploads\/2021\/08\/ceramica-vetro.jpg\" alt=\"\" class=\"wp-image-3475 size-full\" srcset=\"https:\/\/siparliamoinitaliano.com\/wp-content\/uploads\/2021\/08\/ceramica-vetro.jpg 800w, https:\/\/siparliamoinitaliano.com\/wp-content\/uploads\/2021\/08\/ceramica-vetro-480x261.jpg 480w\" sizes=\"(min-width: 0px) and (max-width: 480px) 480px, (min-width: 481px) 800px, 100vw\" \/><\/figure><div class=\"wp-block-media-text__content\">\n<p class=\"has-medium-font-size\"><p>Il caff\u00e8 <em><strong>espresso<\/strong><\/em> si prepara con poca acqua, forte e servito in una piccola tazza, di solito gli italiani preferiscono berlo da una tazzina di ceramica o di vetro.<\/p><\/p>\n<\/div><\/div>\n\n\n\n<p><\/p>\n\n\n\n<div class=\"wp-block-media-text alignwide is-stacked-on-mobile\"><figure class=\"wp-block-media-text__media\"><img decoding=\"async\" width=\"450\" height=\"300\" src=\"https:\/\/siparliamoinitaliano.com\/wp-content\/uploads\/2021\/08\/differenze-caffe-lungo-corto-ristretto.jpg\" alt=\"\" class=\"wp-image-3481 size-full\" srcset=\"https:\/\/siparliamoinitaliano.com\/wp-content\/uploads\/2021\/08\/differenze-caffe-lungo-corto-ristretto.jpg 450w, https:\/\/siparliamoinitaliano.com\/wp-content\/uploads\/2021\/08\/differenze-caffe-lungo-corto-ristretto-300x200.jpg 300w\" sizes=\"(max-width: 450px) 100vw, 450px\" \/><\/figure><div class=\"wp-block-media-text__content\">\n<p class=\"has-medium-font-size\"><p>Il <em><strong>ristretto<\/strong><\/em> \u00e8 quello pi\u00f9 intenso, si fa con la stessa quantit\u00e0 di caff\u00e8 dell\u2019<em><strong>espresso<\/strong><\/em>, per\u00f2 con la met\u00e0 di acqua. Quindi ha una quantit\u00e0 pi\u00f9 ristretta di liquido, ma ha un sapore pi\u00f9 intenso degli altri, a differenza del <em><strong>lungo<\/strong><\/em> che \u00e8 un espresso con pi\u00f9 acqua.<\/p><\/p>\n<\/div><\/div>\n\n\n\n<div class=\"wp-block-media-text alignwide is-stacked-on-mobile\"><figure class=\"wp-block-media-text__media\"><img decoding=\"async\" width=\"897\" height=\"897\" src=\"https:\/\/siparliamoinitaliano.com\/wp-content\/uploads\/2021\/08\/faro-2.jpg\" alt=\"\" class=\"wp-image-3496 size-full\" srcset=\"https:\/\/siparliamoinitaliano.com\/wp-content\/uploads\/2021\/08\/faro-2.jpg 897w, https:\/\/siparliamoinitaliano.com\/wp-content\/uploads\/2021\/08\/faro-2-480x480.jpg 480w\" sizes=\"(min-width: 0px) and (max-width: 480px) 480px, (min-width: 481px) 897px, 100vw\" \/><\/figure><div class=\"wp-block-media-text__content\">\n<p class=\"has-medium-font-size\"><p>Il <em><strong>macchiato<\/strong><\/em> \u00e8 un normale caff\u00e8, ma macchiato con un po\u2019 di latte caldo.<\/p><\/p>\n\n\n\n<p class=\"has-medium-font-size\"><p>Il <em><strong>cappuccino<\/strong><\/em> \u00e8 molto famoso, di solito si beve per colazione e accompagnato con un cornetto tipico, ripieno di marmellata o di crema.<\/p><\/p>\n<\/div><\/div>\n\n\n\n<p><\/p>\n\n\n\n<div class=\"wp-block-media-text alignwide is-stacked-on-mobile\"><figure class=\"wp-block-media-text__media\"><img decoding=\"async\" width=\"1000\" height=\"600\" src=\"https:\/\/siparliamoinitaliano.com\/wp-content\/uploads\/2021\/08\/caffecor-2.jpg\" alt=\"\" class=\"wp-image-3499 size-full\" srcset=\"https:\/\/siparliamoinitaliano.com\/wp-content\/uploads\/2021\/08\/caffecor-2.jpg 1000w, https:\/\/siparliamoinitaliano.com\/wp-content\/uploads\/2021\/08\/caffecor-2-980x588.jpg 980w, https:\/\/siparliamoinitaliano.com\/wp-content\/uploads\/2021\/08\/caffecor-2-480x288.jpg 480w\" sizes=\"(min-width: 0px) and (max-width: 480px) 480px, (min-width: 481px) and (max-width: 980px) 980px, (min-width: 981px) 1000px, 100vw\" \/><\/figure><div class=\"wp-block-media-text__content\">\n<p class=\"has-medium-font-size\"><p>Per finire, il <em><strong>corretto<\/strong><\/em> \u00e8 un caff\u00e8, appunto, corretto con un goccio di qualche bevanda alcolica, tipica come la <em>grappa<\/em>, ma pu\u00f2 anche essere brandy o sambuca.<\/p><\/p>\n<\/div><\/div>\n\n\n\n<p><\/p>\n\n\n\n<p style=\"font-size:17px\"><p><strong>Come abbiamo visto, tutti in Italia amano il caff\u00e8, dal nord al sud, da Milano a Napoli.<\/strong> Infatti, a Napoli, molte persone lo bevono addirittura 10 volte al giorno.<\/p><\/p>\n\n\n\n<p style=\"font-size:17px\"><p>\u00c9 uno dei prodotti italiani pi\u00f9 apprezzati al mondo e in Italia viene continuamente celebrato nei film e nelle canzoni, come nella famosissima canzone per bambini I<em><strong>l caff\u00e8 della Peppina<\/strong><\/em><\/p>&#13;\n<p>\u00a0<\/p>&#13;\n<p><em>\u00a0<\/em><\/p><\/p>\n\n\n\n<p><\/p>\n\n\n\n<figure class=\"wp-block-embed is-provider-youtube wp-block-embed-youtube\"><div class=\"wp-block-embed__wrapper\">\n<iframe loading=\"lazy\" title=\"Il Caffe Della Peppina - Canzone Per Bambini\" width=\"1080\" height=\"608\" src=\"https:\/\/www.youtube.com\/embed\/InQC3MvDZM4?feature=oembed\"  allow=\"accelerometer; autoplay; clipboard-write; encrypted-media; gyroscope; picture-in-picture\" allowfullscreen><\/iframe>\n<\/div><\/figure>\n\n\n\n<p>Il caff\u00e8 della Peppina                                      <\/p>\n\n\n\n<p>Il caff\u00e8 della Peppina                                      <\/p>\n\n\n\n<p>Non si beve alla mattina<\/p>\n\n\n\n<p>N\u00e9 col latte, n\u00e9 col th\u00e8<\/p>\n\n\n\n<p>Ma perch\u00e9, perch\u00e9, perch\u00e9?<\/p>\n\n\n\n<p>La Peppina fa il caff\u00e8<\/p>\n\n\n\n<p>Fa il caff\u00e8 con la cioccolata<\/p>\n\n\n\n<p>Poi ci mette la marmellata<\/p>\n\n\n\n<p>Mezzo chilo di cipolle<\/p>\n\n\n\n<p>Quattro o cinque caramelle<\/p>\n\n\n\n<p>Sette ali di farfalle<\/p>\n\n\n\n<p>E poi dice: &#8220;Che caff\u00e8!\u201d<\/p>\n\n\n\n<p>La Peppina fa il caff\u00e8<\/p>\n\n\n\n<p>Fa il caff\u00e8 col rosmarino<\/p>\n\n\n\n<p>Mette qualche formaggino<\/p>\n\n\n\n<p>Una zampa di tacchino<\/p>\n\n\n\n<p>Una penna di pulcino<\/p>\n\n\n\n<p>Cinque sacchi di farina<\/p>\n\n\n\n<p>E poi dice: &#8220;Che caff\u00e8!\u201d<\/p>\n\n\n\n<p><\/p>\n\n\n\n<p class=\"has-medium-font-size\">E tu che caff\u00e8 preferisci?  Qual \u00e8 il tuo preferito?<\/p>\n\n\n\n<p><p>.<\/p><\/p>\n","protected":false},"excerpt":{"rendered":"<p>A livello sociale il caff\u00e8 in Italia \u00e8 molto importante, \u00e8 uno dei prodotti pi\u00f9 apprezzati nel Paese e uno dei pi\u00f9 buoni al mondo.<\/p>\n","protected":false},"author":2,"featured_media":3470,"comment_status":"open","ping_status":"open","sticky":false,"template":"","format":"standard","meta":{"_et_pb_use_builder":"off","_et_pb_old_content":"","_et_gb_content_width":"","_joinchat":[],"footnotes":""},"categories":[44],"tags":[],"class_list":["post-3503","post","type-post","status-publish","format-standard","has-post-thumbnail","hentry","category-cultura-e-curiosita-dellitalia"],"yoast_head":"<!-- This site is optimized with the Yoast SEO plugin v27.3 - https:\/\/yoast.com\/product\/yoast-seo-wordpress\/ -->\n<title>Il caff\u00e8 in Italia | Si parliamo in Italiano<\/title>\n<meta name=\"description\" content=\"A livello sociale il caff\u00e8 in Italia \u00e8 molto importante, \u00e8 uno dei prodotti pi\u00f9 apprezzati nel Paese e uno dei pi\u00f9 buoni al mondo.\" \/>\n<meta name=\"robots\" content=\"index, follow, max-snippet:-1, max-image-preview:large, max-video-preview:-1\" \/>\n<link rel=\"canonical\" href=\"https:\/\/siparliamoinitaliano.com\/it\/il-caffe-in-italia\/\" \/>\n<meta property=\"og:locale\" content=\"it_IT\" \/>\n<meta property=\"og:type\" content=\"article\" \/>\n<meta property=\"og:title\" content=\"Il caff\u00e8 in Italia | Si parliamo in Italiano\" \/>\n<meta property=\"og:description\" content=\"A livello sociale il caff\u00e8 in Italia \u00e8 molto importante, \u00e8 uno dei prodotti pi\u00f9 apprezzati nel Paese e uno dei pi\u00f9 buoni al mondo.\" \/>\n<meta property=\"og:url\" content=\"https:\/\/siparliamoinitaliano.com\/it\/il-caffe-in-italia\/\" \/>\n<meta property=\"og:site_name\" content=\"Si parliamo in Italiano\" \/>\n<meta property=\"article:publisher\" content=\"https:\/\/www.facebook.com\/siparliamoinitaliano\" \/>\n<meta property=\"article:published_time\" content=\"2021-09-30T10:28:38+00:00\" \/>\n<meta property=\"article:modified_time\" content=\"2021-09-30T10:28:40+00:00\" \/>\n<meta property=\"og:image\" content=\"https:\/\/siparliamoinitaliano.com\/wp-content\/uploads\/2021\/08\/caffe-italia.jpg\" \/>\n\t<meta property=\"og:image:width\" content=\"1024\" \/>\n\t<meta property=\"og:image:height\" content=\"615\" \/>\n\t<meta property=\"og:image:type\" content=\"image\/jpeg\" \/>\n<meta name=\"author\" content=\"sheila\" \/>\n<meta name=\"twitter:card\" content=\"summary_large_image\" \/>\n<meta name=\"twitter:label1\" content=\"Scritto da\" \/>\n\t<meta name=\"twitter:data1\" content=\"sheila\" \/>\n\t<meta name=\"twitter:label2\" content=\"Tempo di lettura stimato\" \/>\n\t<meta name=\"twitter:data2\" content=\"4 minuti\" \/>\n<script type=\"application\/ld+json\" class=\"yoast-schema-graph\">{\"@context\":\"https:\\\/\\\/schema.org\",\"@graph\":[{\"@type\":\"Article\",\"@id\":\"https:\\\/\\\/siparliamoinitaliano.com\\\/it\\\/il-caffe-in-italia\\\/#article\",\"isPartOf\":{\"@id\":\"https:\\\/\\\/siparliamoinitaliano.com\\\/it\\\/il-caffe-in-italia\\\/\"},\"author\":{\"name\":\"sheila\",\"@id\":\"https:\\\/\\\/siparliamoinitaliano.com\\\/#\\\/schema\\\/person\\\/a216a0077dddd7b0e948733b18abd6af\"},\"headline\":\"Il caff\u00e8 in Italia\",\"datePublished\":\"2021-09-30T10:28:38+00:00\",\"dateModified\":\"2021-09-30T10:28:40+00:00\",\"mainEntityOfPage\":{\"@id\":\"https:\\\/\\\/siparliamoinitaliano.com\\\/it\\\/il-caffe-in-italia\\\/\"},\"wordCount\":449,\"commentCount\":0,\"publisher\":{\"@id\":\"https:\\\/\\\/siparliamoinitaliano.com\\\/#organization\"},\"image\":{\"@id\":\"https:\\\/\\\/siparliamoinitaliano.com\\\/it\\\/il-caffe-in-italia\\\/#primaryimage\"},\"thumbnailUrl\":\"https:\\\/\\\/siparliamoinitaliano.com\\\/wp-content\\\/uploads\\\/2021\\\/08\\\/caffe-italia.jpg\",\"articleSection\":[\"Cultura e curiosit\u00e0 dell'Italia\"],\"inLanguage\":\"it-IT\",\"potentialAction\":[{\"@type\":\"CommentAction\",\"name\":\"Comment\",\"target\":[\"https:\\\/\\\/siparliamoinitaliano.com\\\/it\\\/il-caffe-in-italia\\\/#respond\"]}]},{\"@type\":\"WebPage\",\"@id\":\"https:\\\/\\\/siparliamoinitaliano.com\\\/it\\\/il-caffe-in-italia\\\/\",\"url\":\"https:\\\/\\\/siparliamoinitaliano.com\\\/it\\\/il-caffe-in-italia\\\/\",\"name\":\"Il caff\u00e8 in Italia | Si parliamo in Italiano\",\"isPartOf\":{\"@id\":\"https:\\\/\\\/siparliamoinitaliano.com\\\/#website\"},\"primaryImageOfPage\":{\"@id\":\"https:\\\/\\\/siparliamoinitaliano.com\\\/it\\\/il-caffe-in-italia\\\/#primaryimage\"},\"image\":{\"@id\":\"https:\\\/\\\/siparliamoinitaliano.com\\\/it\\\/il-caffe-in-italia\\\/#primaryimage\"},\"thumbnailUrl\":\"https:\\\/\\\/siparliamoinitaliano.com\\\/wp-content\\\/uploads\\\/2021\\\/08\\\/caffe-italia.jpg\",\"datePublished\":\"2021-09-30T10:28:38+00:00\",\"dateModified\":\"2021-09-30T10:28:40+00:00\",\"description\":\"A livello sociale il caff\u00e8 in Italia \u00e8 molto importante, \u00e8 uno dei prodotti pi\u00f9 apprezzati nel Paese e uno dei pi\u00f9 buoni al mondo.\",\"breadcrumb\":{\"@id\":\"https:\\\/\\\/siparliamoinitaliano.com\\\/it\\\/il-caffe-in-italia\\\/#breadcrumb\"},\"inLanguage\":\"it-IT\",\"potentialAction\":[{\"@type\":\"ReadAction\",\"target\":[\"https:\\\/\\\/siparliamoinitaliano.com\\\/it\\\/il-caffe-in-italia\\\/\"]}]},{\"@type\":\"ImageObject\",\"inLanguage\":\"it-IT\",\"@id\":\"https:\\\/\\\/siparliamoinitaliano.com\\\/it\\\/il-caffe-in-italia\\\/#primaryimage\",\"url\":\"https:\\\/\\\/siparliamoinitaliano.com\\\/wp-content\\\/uploads\\\/2021\\\/08\\\/caffe-italia.jpg\",\"contentUrl\":\"https:\\\/\\\/siparliamoinitaliano.com\\\/wp-content\\\/uploads\\\/2021\\\/08\\\/caffe-italia.jpg\",\"width\":1024,\"height\":615},{\"@type\":\"BreadcrumbList\",\"@id\":\"https:\\\/\\\/siparliamoinitaliano.com\\\/it\\\/il-caffe-in-italia\\\/#breadcrumb\",\"itemListElement\":[{\"@type\":\"ListItem\",\"position\":1,\"name\":\"Portada\",\"item\":\"https:\\\/\\\/siparliamoinitaliano.com\\\/it\\\/\"},{\"@type\":\"ListItem\",\"position\":2,\"name\":\"Il caff\u00e8 in Italia\"}]},{\"@type\":\"WebSite\",\"@id\":\"https:\\\/\\\/siparliamoinitaliano.com\\\/#website\",\"url\":\"https:\\\/\\\/siparliamoinitaliano.com\\\/\",\"name\":\"Si parliamo in Italiano\",\"description\":\"\",\"publisher\":{\"@id\":\"https:\\\/\\\/siparliamoinitaliano.com\\\/#organization\"},\"potentialAction\":[{\"@type\":\"SearchAction\",\"target\":{\"@type\":\"EntryPoint\",\"urlTemplate\":\"https:\\\/\\\/siparliamoinitaliano.com\\\/?s={search_term_string}\"},\"query-input\":{\"@type\":\"PropertyValueSpecification\",\"valueRequired\":true,\"valueName\":\"search_term_string\"}}],\"inLanguage\":\"it-IT\"},{\"@type\":\"Organization\",\"@id\":\"https:\\\/\\\/siparliamoinitaliano.com\\\/#organization\",\"name\":\"Si Parliamo in Italiano\",\"url\":\"https:\\\/\\\/siparliamoinitaliano.com\\\/\",\"logo\":{\"@type\":\"ImageObject\",\"inLanguage\":\"it-IT\",\"@id\":\"https:\\\/\\\/siparliamoinitaliano.com\\\/#\\\/schema\\\/logo\\\/image\\\/\",\"url\":\"https:\\\/\\\/siparliamoinitaliano.com\\\/wp-content\\\/uploads\\\/2021\\\/03\\\/logo-3-PNG.png\",\"contentUrl\":\"https:\\\/\\\/siparliamoinitaliano.com\\\/wp-content\\\/uploads\\\/2021\\\/03\\\/logo-3-PNG.png\",\"width\":2428,\"height\":1467,\"caption\":\"Si Parliamo in Italiano\"},\"image\":{\"@id\":\"https:\\\/\\\/siparliamoinitaliano.com\\\/#\\\/schema\\\/logo\\\/image\\\/\"},\"sameAs\":[\"https:\\\/\\\/www.facebook.com\\\/siparliamoinitaliano\",\"https:\\\/\\\/www.instagram.com\\\/siparliamoinitaliano\\\/\",\"https:\\\/\\\/www.linkedin.com\\\/in\\\/sptraducciones\\\/\"]},{\"@type\":\"Person\",\"@id\":\"https:\\\/\\\/siparliamoinitaliano.com\\\/#\\\/schema\\\/person\\\/a216a0077dddd7b0e948733b18abd6af\",\"name\":\"sheila\",\"image\":{\"@type\":\"ImageObject\",\"inLanguage\":\"it-IT\",\"@id\":\"https:\\\/\\\/secure.gravatar.com\\\/avatar\\\/84d13c5d781397e3bc749fdddd33eb11572c0c6238661fc3d3c46c8615ce9e44?s=96&d=mm&r=g\",\"url\":\"https:\\\/\\\/secure.gravatar.com\\\/avatar\\\/84d13c5d781397e3bc749fdddd33eb11572c0c6238661fc3d3c46c8615ce9e44?s=96&d=mm&r=g\",\"contentUrl\":\"https:\\\/\\\/secure.gravatar.com\\\/avatar\\\/84d13c5d781397e3bc749fdddd33eb11572c0c6238661fc3d3c46c8615ce9e44?s=96&d=mm&r=g\",\"caption\":\"sheila\"},\"url\":\"https:\\\/\\\/siparliamoinitaliano.com\\\/it\\\/author\\\/sheila\\\/\"}]}<\/script>\n<!-- \/ Yoast SEO plugin. -->","yoast_head_json":{"title":"Il caff\u00e8 in Italia | Si parliamo in Italiano","description":"A livello sociale il caff\u00e8 in Italia \u00e8 molto importante, \u00e8 uno dei prodotti pi\u00f9 apprezzati nel Paese e uno dei pi\u00f9 buoni al mondo.","robots":{"index":"index","follow":"follow","max-snippet":"max-snippet:-1","max-image-preview":"max-image-preview:large","max-video-preview":"max-video-preview:-1"},"canonical":"https:\/\/siparliamoinitaliano.com\/it\/il-caffe-in-italia\/","og_locale":"it_IT","og_type":"article","og_title":"Il caff\u00e8 in Italia | Si parliamo in Italiano","og_description":"A livello sociale il caff\u00e8 in Italia \u00e8 molto importante, \u00e8 uno dei prodotti pi\u00f9 apprezzati nel Paese e uno dei pi\u00f9 buoni al mondo.","og_url":"https:\/\/siparliamoinitaliano.com\/it\/il-caffe-in-italia\/","og_site_name":"Si parliamo in Italiano","article_publisher":"https:\/\/www.facebook.com\/siparliamoinitaliano","article_published_time":"2021-09-30T10:28:38+00:00","article_modified_time":"2021-09-30T10:28:40+00:00","og_image":[{"width":1024,"height":615,"url":"https:\/\/siparliamoinitaliano.com\/wp-content\/uploads\/2021\/08\/caffe-italia.jpg","type":"image\/jpeg"}],"author":"sheila","twitter_card":"summary_large_image","twitter_misc":{"Scritto da":"sheila","Tempo di lettura stimato":"4 minuti"},"schema":{"@context":"https:\/\/schema.org","@graph":[{"@type":"Article","@id":"https:\/\/siparliamoinitaliano.com\/it\/il-caffe-in-italia\/#article","isPartOf":{"@id":"https:\/\/siparliamoinitaliano.com\/it\/il-caffe-in-italia\/"},"author":{"name":"sheila","@id":"https:\/\/siparliamoinitaliano.com\/#\/schema\/person\/a216a0077dddd7b0e948733b18abd6af"},"headline":"Il caff\u00e8 in Italia","datePublished":"2021-09-30T10:28:38+00:00","dateModified":"2021-09-30T10:28:40+00:00","mainEntityOfPage":{"@id":"https:\/\/siparliamoinitaliano.com\/it\/il-caffe-in-italia\/"},"wordCount":449,"commentCount":0,"publisher":{"@id":"https:\/\/siparliamoinitaliano.com\/#organization"},"image":{"@id":"https:\/\/siparliamoinitaliano.com\/it\/il-caffe-in-italia\/#primaryimage"},"thumbnailUrl":"https:\/\/siparliamoinitaliano.com\/wp-content\/uploads\/2021\/08\/caffe-italia.jpg","articleSection":["Cultura e curiosit\u00e0 dell'Italia"],"inLanguage":"it-IT","potentialAction":[{"@type":"CommentAction","name":"Comment","target":["https:\/\/siparliamoinitaliano.com\/it\/il-caffe-in-italia\/#respond"]}]},{"@type":"WebPage","@id":"https:\/\/siparliamoinitaliano.com\/it\/il-caffe-in-italia\/","url":"https:\/\/siparliamoinitaliano.com\/it\/il-caffe-in-italia\/","name":"Il caff\u00e8 in Italia | Si parliamo in Italiano","isPartOf":{"@id":"https:\/\/siparliamoinitaliano.com\/#website"},"primaryImageOfPage":{"@id":"https:\/\/siparliamoinitaliano.com\/it\/il-caffe-in-italia\/#primaryimage"},"image":{"@id":"https:\/\/siparliamoinitaliano.com\/it\/il-caffe-in-italia\/#primaryimage"},"thumbnailUrl":"https:\/\/siparliamoinitaliano.com\/wp-content\/uploads\/2021\/08\/caffe-italia.jpg","datePublished":"2021-09-30T10:28:38+00:00","dateModified":"2021-09-30T10:28:40+00:00","description":"A livello sociale il caff\u00e8 in Italia \u00e8 molto importante, \u00e8 uno dei prodotti pi\u00f9 apprezzati nel Paese e uno dei pi\u00f9 buoni al mondo.","breadcrumb":{"@id":"https:\/\/siparliamoinitaliano.com\/it\/il-caffe-in-italia\/#breadcrumb"},"inLanguage":"it-IT","potentialAction":[{"@type":"ReadAction","target":["https:\/\/siparliamoinitaliano.com\/it\/il-caffe-in-italia\/"]}]},{"@type":"ImageObject","inLanguage":"it-IT","@id":"https:\/\/siparliamoinitaliano.com\/it\/il-caffe-in-italia\/#primaryimage","url":"https:\/\/siparliamoinitaliano.com\/wp-content\/uploads\/2021\/08\/caffe-italia.jpg","contentUrl":"https:\/\/siparliamoinitaliano.com\/wp-content\/uploads\/2021\/08\/caffe-italia.jpg","width":1024,"height":615},{"@type":"BreadcrumbList","@id":"https:\/\/siparliamoinitaliano.com\/it\/il-caffe-in-italia\/#breadcrumb","itemListElement":[{"@type":"ListItem","position":1,"name":"Portada","item":"https:\/\/siparliamoinitaliano.com\/it\/"},{"@type":"ListItem","position":2,"name":"Il caff\u00e8 in Italia"}]},{"@type":"WebSite","@id":"https:\/\/siparliamoinitaliano.com\/#website","url":"https:\/\/siparliamoinitaliano.com\/","name":"Si parliamo in Italiano","description":"","publisher":{"@id":"https:\/\/siparliamoinitaliano.com\/#organization"},"potentialAction":[{"@type":"SearchAction","target":{"@type":"EntryPoint","urlTemplate":"https:\/\/siparliamoinitaliano.com\/?s={search_term_string}"},"query-input":{"@type":"PropertyValueSpecification","valueRequired":true,"valueName":"search_term_string"}}],"inLanguage":"it-IT"},{"@type":"Organization","@id":"https:\/\/siparliamoinitaliano.com\/#organization","name":"Si Parliamo in Italiano","url":"https:\/\/siparliamoinitaliano.com\/","logo":{"@type":"ImageObject","inLanguage":"it-IT","@id":"https:\/\/siparliamoinitaliano.com\/#\/schema\/logo\/image\/","url":"https:\/\/siparliamoinitaliano.com\/wp-content\/uploads\/2021\/03\/logo-3-PNG.png","contentUrl":"https:\/\/siparliamoinitaliano.com\/wp-content\/uploads\/2021\/03\/logo-3-PNG.png","width":2428,"height":1467,"caption":"Si Parliamo in Italiano"},"image":{"@id":"https:\/\/siparliamoinitaliano.com\/#\/schema\/logo\/image\/"},"sameAs":["https:\/\/www.facebook.com\/siparliamoinitaliano","https:\/\/www.instagram.com\/siparliamoinitaliano\/","https:\/\/www.linkedin.com\/in\/sptraducciones\/"]},{"@type":"Person","@id":"https:\/\/siparliamoinitaliano.com\/#\/schema\/person\/a216a0077dddd7b0e948733b18abd6af","name":"sheila","image":{"@type":"ImageObject","inLanguage":"it-IT","@id":"https:\/\/secure.gravatar.com\/avatar\/84d13c5d781397e3bc749fdddd33eb11572c0c6238661fc3d3c46c8615ce9e44?s=96&d=mm&r=g","url":"https:\/\/secure.gravatar.com\/avatar\/84d13c5d781397e3bc749fdddd33eb11572c0c6238661fc3d3c46c8615ce9e44?s=96&d=mm&r=g","contentUrl":"https:\/\/secure.gravatar.com\/avatar\/84d13c5d781397e3bc749fdddd33eb11572c0c6238661fc3d3c46c8615ce9e44?s=96&d=mm&r=g","caption":"sheila"},"url":"https:\/\/siparliamoinitaliano.com\/it\/author\/sheila\/"}]}},"_links":{"self":[{"href":"https:\/\/siparliamoinitaliano.com\/it\/wp-json\/wp\/v2\/posts\/3503","targetHints":{"allow":["GET"]}}],"collection":[{"href":"https:\/\/siparliamoinitaliano.com\/it\/wp-json\/wp\/v2\/posts"}],"about":[{"href":"https:\/\/siparliamoinitaliano.com\/it\/wp-json\/wp\/v2\/types\/post"}],"author":[{"embeddable":true,"href":"https:\/\/siparliamoinitaliano.com\/it\/wp-json\/wp\/v2\/users\/2"}],"replies":[{"embeddable":true,"href":"https:\/\/siparliamoinitaliano.com\/it\/wp-json\/wp\/v2\/comments?post=3503"}],"version-history":[{"count":3,"href":"https:\/\/siparliamoinitaliano.com\/it\/wp-json\/wp\/v2\/posts\/3503\/revisions"}],"predecessor-version":[{"id":3556,"href":"https:\/\/siparliamoinitaliano.com\/it\/wp-json\/wp\/v2\/posts\/3503\/revisions\/3556"}],"wp:featuredmedia":[{"embeddable":true,"href":"https:\/\/siparliamoinitaliano.com\/it\/wp-json\/wp\/v2\/media\/3470"}],"wp:attachment":[{"href":"https:\/\/siparliamoinitaliano.com\/it\/wp-json\/wp\/v2\/media?parent=3503"}],"wp:term":[{"taxonomy":"category","embeddable":true,"href":"https:\/\/siparliamoinitaliano.com\/it\/wp-json\/wp\/v2\/categories?post=3503"},{"taxonomy":"post_tag","embeddable":true,"href":"https:\/\/siparliamoinitaliano.com\/it\/wp-json\/wp\/v2\/tags?post=3503"}],"curies":[{"name":"wp","href":"https:\/\/api.w.org\/{rel}","templated":true}]}}